{"id":406,"date":"2016-08-31T12:06:11","date_gmt":"2016-08-31T10:06:11","guid":{"rendered":"http:\/\/cordeliakoch.de\/?p=406"},"modified":"2019-10-24T15:24:21","modified_gmt":"2019-10-24T13:24:21","slug":"jurgen-trittin-jens-holger-kirchner-und-sonnenblumen-auf-dem-florakiezfest-am-4-september-2016","status":"publish","type":"post","link":"http:\/\/cordeliakoch.de\/index.php\/2016\/08\/31\/jurgen-trittin-jens-holger-kirchner-und-sonnenblumen-auf-dem-florakiezfest-am-4-september-2016\/","title":{"rendered":"J\u00fcrgen Trittin und Sonnenblumen auf dem Florakiezfest &#8211; am 4. September 2016"},"content":{"rendered":"<img loading=\"lazy\" decoding=\"async\" class=\"alignnone size-medium wp-image-420\" src=\"http:\/\/cordeliakoch.de\/wp-content\/uploads\/2016\/08\/1609041427_FloraKiezFest4_CC-BY_NC_Axel-L\u00fcssow-400x267.jpg\" alt=\"1609041427_FloraKiezFest4_CC-BY_NC_Axel-L\u00fcssow\" width=\"400\" height=\"267\" srcset=\"http:\/\/cordeliakoch.de\/wp-content\/uploads\/2016\/08\/1609041427_FloraKiezFest4_CC-BY_NC_Axel-L\u00fcssow-400x267.jpg 400w, http:\/\/cordeliakoch.de\/wp-content\/uploads\/2016\/08\/1609041427_FloraKiezFest4_CC-BY_NC_Axel-L\u00fcssow-768x512.jpg 768w, http:\/\/cordeliakoch.de\/wp-content\/uploads\/2016\/08\/1609041427_FloraKiezFest4_CC-BY_NC_Axel-L\u00fcssow-800x533.jpg 800w, http:\/\/cordeliakoch.de\/wp-content\/uploads\/2016\/08\/1609041427_FloraKiezFest4_CC-BY_NC_Axel-L\u00fcssow-150x100.jpg 150w, http:\/\/cordeliakoch.de\/wp-content\/uploads\/2016\/08\/1609041427_FloraKiezFest4_CC-BY_NC_Axel-L\u00fcssow.jpg 1536w\" sizes=\"auto, (max-width: 400px) 100vw, 400px\" \/> <img loading=\"lazy\" decoding=\"async\" class=\"alignnone size-medium wp-image-418\" src=\"http:\/\/cordeliakoch.de\/wp-content\/uploads\/2016\/08\/1609041416_FloraKiezFest2_CC-BY_NC_Axel-L\u00fcssow-400x267.jpg\" alt=\"1609041416_FloraKiezFest2_CC-BY_NC_Axel-L\u00fcssow\" width=\"400\" height=\"267\" srcset=\"http:\/\/cordeliakoch.de\/wp-content\/uploads\/2016\/08\/1609041416_FloraKiezFest2_CC-BY_NC_Axel-L\u00fcssow-400x267.jpg 400w, http:\/\/cordeliakoch.de\/wp-content\/uploads\/2016\/08\/1609041416_FloraKiezFest2_CC-BY_NC_Axel-L\u00fcssow-768x512.jpg 768w, http:\/\/cordeliakoch.de\/wp-content\/uploads\/2016\/08\/1609041416_FloraKiezFest2_CC-BY_NC_Axel-L\u00fcssow-800x533.jpg 800w, http:\/\/cordeliakoch.de\/wp-content\/uploads\/2016\/08\/1609041416_FloraKiezFest2_CC-BY_NC_Axel-L\u00fcssow-150x100.jpg 150w, http:\/\/cordeliakoch.de\/wp-content\/uploads\/2016\/08\/1609041416_FloraKiezFest2_CC-BY_NC_Axel-L\u00fcssow.jpg 1536w\" sizes=\"auto, (max-width: 400px) 100vw, 400px\" \/>\n<p>Fotos: CC-BY-NC Axel L\u00fcssow<\/p>\n<p>Zum Florakiezfest am 4. September kam ich mit Sonnenblumen, J\u00fcrgen Trittin und Jens-Holger Kirchner. Wie sind nicht als Partei da, sondern als Menschen, die B\u00e4ume und B\u00e4nke f\u00fcr Pankow gut finden. Wir verteilten Sonnenblumen und sprachen mit Ihnen \u00fcber Ihre Themen f\u00fcr Pankow.<\/p>\n<p>ZUm Beispiel: Wo wollen wir in Pankow mit <a href=\"http:\/\/www.freiobst-pankow.de\" target=\"_blank\">Freiobst-Pankow<\/a> neue Obstb\u00e4ume pflanzen? Vielleicht finden Sie, wie wir, dass macher Platz versch\u00f6nert und wohnlich gemacht werden kann? Wir k\u00f6nnten mehr B\u00e4nke in Pankow brauchen, meinte ein B\u00fcrger neulich am Stra\u00dfenstand. Das finde ich auch: Machen Sie mit, bei &#8222;B\u00e4nke f\u00fcr Pankow&#8220;? Dann machen Sie mit und wir planen ganz praktisch-pragmatisch, wie wir Pankow noch lebenswerter gestalten k\u00f6nnen.<\/p>\n","protected":false},"excerpt":{"rendered":"<p>Fotos: CC-BY-NC Axel L\u00fcssow Zum Florakiezfest am 4. September kam ich mit Sonnenblumen, J\u00fcrgen Trittin und Jens-Holger Kirchner. Wie sind nicht als Partei da, sondern als Menschen, die B\u00e4ume und&#8230;  <a href=\"http:\/\/cordeliakoch.de\/index.php\/2016\/08\/31\/jurgen-trittin-jens-holger-kirchner-und-sonnenblumen-auf-dem-florakiezfest-am-4-september-2016\/\" title=\"Read J\u00fcrgen Trittin und Sonnenblumen auf dem Florakiezfest &#8211; am 4. September 2016\" class=\"readmore\">Weiterlesen &raquo;<\/a><\/p>\n","protected":false},"author":4,"featured_media":419,"comment_status":"open","ping_status":"open","sticky":false,"template":"","format":"standard","meta":{"footnotes":""},"categories":[47,23,40,28],"tags":[],"class_list":["post-406","post","type-post","status-publish","format-standard","has-post-thumbnail","hentry","category-banke-fur-pankow","category-burgerschaftliches-engagement","category-freiobst-pankow","category-pankow-zentrum"],"_links":{"self":[{"href":"http:\/\/cordeliakoch.de\/index.php\/wp-json\/wp\/v2\/posts\/406","targetHints":{"allow":["GET"]}}],"collection":[{"href":"http:\/\/cordeliakoch.de\/index.php\/wp-json\/wp\/v2\/posts"}],"about":[{"href":"http:\/\/cordeliakoch.de\/index.php\/wp-json\/wp\/v2\/types\/post"}],"author":[{"embeddable":true,"href":"http:\/\/cordeliakoch.de\/index.php\/wp-json\/wp\/v2\/users\/4"}],"replies":[{"embeddable":true,"href":"http:\/\/cordeliakoch.de\/index.php\/wp-json\/wp\/v2\/comments?post=406"}],"version-history":[{"count":6,"href":"http:\/\/cordeliakoch.de\/index.php\/wp-json\/wp\/v2\/posts\/406\/revisions"}],"predecessor-version":[{"id":550,"href":"http:\/\/cordeliakoch.de\/index.php\/wp-json\/wp\/v2\/posts\/406\/revisions\/550"}],"wp:featuredmedia":[{"embeddable":true,"href":"http:\/\/cordeliakoch.de\/index.php\/wp-json\/wp\/v2\/media\/419"}],"wp:attachment":[{"href":"http:\/\/cordeliakoch.de\/index.php\/wp-json\/wp\/v2\/media?parent=406"}],"wp:term":[{"taxonomy":"category","embeddable":true,"href":"http:\/\/cordeliakoch.de\/index.php\/wp-json\/wp\/v2\/categories?post=406"},{"taxonomy":"post_tag","embeddable":true,"href":"http:\/\/cordeliakoch.de\/index.php\/wp-json\/wp\/v2\/tags?post=406"}],"curies":[{"name":"wp","href":"https:\/\/api.w.org\/{rel}","templated":true}]}}