{"id":604,"date":"2020-06-15T09:57:30","date_gmt":"2020-06-15T07:57:30","guid":{"rendered":"http:\/\/cordeliakoch.de\/?p=604"},"modified":"2020-08-25T09:59:56","modified_gmt":"2020-08-25T07:59:56","slug":"berliner-woche-mobilitatsgesetz-soll-bei-sanierung-der-strase-vor-schonholz-berucksichtigt-werden","status":"publish","type":"post","link":"http:\/\/cordeliakoch.de\/index.php\/2020\/06\/15\/berliner-woche-mobilitatsgesetz-soll-bei-sanierung-der-strase-vor-schonholz-berucksichtigt-werden\/","title":{"rendered":"Berliner Woche: Mobilit\u00e4tsgesetz soll bei Sanierung der Stra\u00dfe vor Sch\u00f6nholz ber\u00fccksichtigt werden"},"content":{"rendered":"<p>15.6.2020. In der bisherigen Planung werde dem Auto mehr Priorit\u00e4t als dem Fahrrad einger\u00e4umt. Das treffe vor allem auf den Bereich zwischen Provinz- und Klemkestra\u00dfe. Fahrradfahrer werden dort auf beiden Seiten einfach \u201eweggeklemmt\u201c, so die Fraktionsvorsitzende Cordelia Koch.<\/p>\n<p>Den <a href=\"https:\/\/www.berliner-woche.de\/pankow\/c-verkehr\/mobilitaetsgesetz-soll-bei-sanierung-der-strasse-vor-schoenholz-beruecksichtigt-werden_a275842\">ganzen Artikel lesen<\/a>.<\/p>\n","protected":false},"excerpt":{"rendered":"<p>15.6.2020. In der bisherigen Planung werde dem Auto mehr Priorit\u00e4t als dem Fahrrad einger\u00e4umt. Das treffe vor allem auf den Bereich zwischen Provinz- und Klemkestra\u00dfe. Fahrradfahrer werden dort auf beiden&#8230;  <a href=\"http:\/\/cordeliakoch.de\/index.php\/2020\/06\/15\/berliner-woche-mobilitatsgesetz-soll-bei-sanierung-der-strase-vor-schonholz-berucksichtigt-werden\/\" title=\"Read Berliner Woche: Mobilit\u00e4tsgesetz soll bei Sanierung der Stra\u00dfe vor Sch\u00f6nholz ber\u00fccksichtigt werden\" class=\"readmore\">Weiterlesen &raquo;<\/a><\/p>\n","protected":false},"author":4,"featured_media":0,"comment_status":"open","ping_status":"open","sticky":false,"template":"","format":"standard","meta":{"footnotes":""},"categories":[45,48],"tags":[],"class_list":["post-604","post","type-post","status-publish","format-standard","hentry","category-fahrrad-fahren-leichter-machen","category-presse"],"_links":{"self":[{"href":"http:\/\/cordeliakoch.de\/index.php\/wp-json\/wp\/v2\/posts\/604","targetHints":{"allow":["GET"]}}],"collection":[{"href":"http:\/\/cordeliakoch.de\/index.php\/wp-json\/wp\/v2\/posts"}],"about":[{"href":"http:\/\/cordeliakoch.de\/index.php\/wp-json\/wp\/v2\/types\/post"}],"author":[{"embeddable":true,"href":"http:\/\/cordeliakoch.de\/index.php\/wp-json\/wp\/v2\/users\/4"}],"replies":[{"embeddable":true,"href":"http:\/\/cordeliakoch.de\/index.php\/wp-json\/wp\/v2\/comments?post=604"}],"version-history":[{"count":1,"href":"http:\/\/cordeliakoch.de\/index.php\/wp-json\/wp\/v2\/posts\/604\/revisions"}],"predecessor-version":[{"id":605,"href":"http:\/\/cordeliakoch.de\/index.php\/wp-json\/wp\/v2\/posts\/604\/revisions\/605"}],"wp:attachment":[{"href":"http:\/\/cordeliakoch.de\/index.php\/wp-json\/wp\/v2\/media?parent=604"}],"wp:term":[{"taxonomy":"category","embeddable":true,"href":"http:\/\/cordeliakoch.de\/index.php\/wp-json\/wp\/v2\/categories?post=604"},{"taxonomy":"post_tag","embeddable":true,"href":"http:\/\/cordeliakoch.de\/index.php\/wp-json\/wp\/v2\/tags?post=604"}],"curies":[{"name":"wp","href":"https:\/\/api.w.org\/{rel}","templated":true}]}}