{"id":619,"date":"2020-08-30T14:10:43","date_gmt":"2020-08-30T12:10:43","guid":{"rendered":"http:\/\/cordeliakoch.de\/?p=619"},"modified":"2021-02-02T14:41:04","modified_gmt":"2021-02-02T13:41:04","slug":"die-erste-ausgabe-des-pankower-amtsblatt-ist-da","status":"publish","type":"post","link":"http:\/\/cordeliakoch.de\/index.php\/2020\/08\/30\/die-erste-ausgabe-des-pankower-amtsblatt-ist-da\/","title":{"rendered":"Viel besser als ein Amtsblatt: Die erste Ausgabe der Pankow News ist da&#8230;"},"content":{"rendered":"<p>Die Pankow News gingen diesen Sommer mit ihrer ersten Ausgabe an den Start. Darin informiert das Bezirksamt \u00fcber Bauprojekte, Park- und Schulsanierungen, die Mobilit\u00e4tswende, \u00fcber Ausstellungen und stellt die Mitarbeiter*innen der Service-Stellen des Bezirksamts vor. Kurzum: Darin findet sich alles, was Bezirksamt und Bezirksverordnetenversammlung so tun und was die B\u00fcrger*innen davon wissen m\u00fcssen oder was sie interessieren d\u00fcrfte. Das es diese Publikation jetzt gibt, ist keine Selbstverst\u00e4ndlichkeit &#8211; wir haben lange im Ausschuss f\u00fcr Gleichstellung, Gender Mainstreaming, B\u00fcrgerbeteiligung dar\u00fcber diskutiert. Denn in den Berliner Bezirken gibt es einen Mangel: Sie haben anders als sonst Kommunen kein Amtsblatt. Das macht es f\u00fcr interessierte B\u00fcrger*innen deutlich schwerer an wichtige Informationen zu kommen. Darum bin ich stolz, dass wir jetzt in Pankow etwas noch viel besseres als ein Amtsblatt haben.<!--more--><\/p>\n<p>Schaut es Euch selbst, mal an: <a href=\"https:\/\/www.berlin.de\/ba-pankow\/aktuelles\/pankow-news\/\">Pankow News auf den Seiten des Bezirksamts<\/a><\/p>\n<p>Was wir uns im Ausschuss dabei gedacht haben und was mir besonders wichtig daran ist, lest Ihr in der ersten Ausgabe auf Seite 27 oder hier:<\/p>\n<h1>Bekannt machen, zum Mitmachen anregen, Personen und Strukturen nahe bringen:<\/h1>\n<h5>Das \u201eAMTSBLATT\u201c Pankows und was wir uns im Ausschuss f\u00fcr Gleichstellung, Gender Mainstreaming, B\u00fcrgerbeteiligung dabei gedacht haben<\/h5>\n<p>Es kann ja nicht jeder alles wissen&#8230;Deswegen bildet die Bezirksverordnetenversammlung (BVV) des Bezirks Pankow, wie jedes andere Kommunal-, Landes-, Bundes- oder auch das Europaparlament, Fachaussch\u00fcsse. Im Ausschuss f\u00fcr Gleichstellung, Gender Mainstreaming, B\u00fcrgerbeteiligung sitzen also diejenigen Mitglieder der BVV, also die Bezirksverordneten, die sich mit den Themen des Ausschusses besonders gut auskennen.<\/p>\n<p>Erstmalig im Jahr 2016 hat sich die BVV des Bezirks Pankow entschieden, einen Ausschuss einzurichten, der auch das Thema B\u00fcrgerbeteiligung bearbeitet. Damals stand sogar noch das Thema Verwaltungsmodernisierung mit auf der Agenda unseres Ausschusses. Doch jedes der Ausschussthemen ist sehr breit gef\u00e4chert. Und f\u00fcr jedes dieser Themen k\u00f6nnte man einen eigenen Ausschuss bilden &#8211; und wir h\u00e4tten genug zu tun! Doch das w\u00fcrde wahrlich die zeitlichen M\u00f6glichkeiten der ehrenamtlichen Bezirksverordneten \u00fcberlasten. Wir treffen uns schlie\u00dflich nach der Arbeit in unserer Freizeit, um f\u00fcr den Bezirk Pankow und f\u00fcr uns alle, die wir hier leben, politisch t\u00e4tig zu werden. Manche von uns sitzen so schon 2 bis 3 Abende pro Woche in Aussch\u00fcssen, Fraktionssitzungen und eben in der BVV. Also werden die Themen so passend wie m\u00f6glich geb\u00fcndelt. Eine \u00dcbersicht \u00fcber die Aussch\u00fcsse der BVV in Pankow findet sich hier.<\/p>\n<p>Da wir uns nur einmal im Monat treffen, hat die BVV in ihrer 24. Sitzung vom 15.05.2019 auf Anregung des Ausschusses entschieden, das Thema Verwaltungsmodernisierung k\u00fcnftig in einem anderen Ausschuss zu behandeln. Doch keine Sorge: Der Ausschuss f\u00fcr Gleichstellung, Gender Mainstreaming, B\u00fcrgerbeteiligung ist immer noch ziemlich gefordert, die Einzelthemen in ausreichender Tiefe sachkundig zu bearbeiten.<\/p>\n<p>W\u00e4hrend unseren Ausschuss immer mal wieder Drucksachen aus der BVV erreichen, die nur vermeintlich mit B\u00fcrgerbeteiligung zu tun haben, hat sich der Ausschuss von Anfang an das Ziel gesetzt, die in Pankow lebenden Menschen zum Mitmachen einzuladen. Es gibt n\u00e4mlich viele Mitwirkungsm\u00f6glichkeiten, was vielleicht nicht sehr bekannt ist, jedenfalls aber nicht sehr stark genutzt wird. F\u00fcr uns, als Politik-Junkies, die zwar nicht ihr Leben, aber doch immerhin erhebliche Teile ihrer Freizeit f\u00fcr die politische Arbeit geben, ist das zwar unvorstellbar, aber ein Fakt ist es allemal. Die Wahlbeteiligung ist mit 66,8 Prozent in Pankow zwar h\u00f6her als auf anderen Ebenen. Ein Grund zum Freuen ist es nicht. Hei\u00dft es doch, dass \u00fcber die K\u00f6pfe von 66,8 % hinweg entschieden wird. Ja, jeder hat die Wahl und wer nicht mitmacht, muss die Entscheidung der aktiven und ihrer Volksvertreter trotz-dem befolgen. Der Ausschuss f\u00fcr Gleichstellung, Gender Mainstreaming, B\u00fcrgerbeteiligung fand, dass es an der Zeit ist, mit Informationen aus den Kiezen und der Verwaltung auf die Menschen zuzugehen. Frei nach dem Motto: Wenn der Prophet nicht zum Berg kommt, dann muss eben der Berg zum Propheten! Wir waren der Meinung, dass die politische Arbeit, die Handlungsspielr\u00e4ume, die Akteure der Politik in Pankow, sowie ihre Organe nicht genug bekannt sind, gleiches gilt f\u00fcr die ernsthafte Auseinandersetzung \u00fcber politischen Fragestellungen sowie die Probleme des Bezirks.<\/p>\n<p>Daraus entwickelten wir die Idee, \u00fcber das Wirken der BVV und des Bezirksamtes Pankow in einer locker geschriebenen und attraktiven Art zu informieren. Das Ergebnis liegt gerade in seiner ersten Ausgabe vor. Wir freuen uns riesig und hoffen, dass wir unserem Ziel zumindest nahegekommen sind. Es ist unser Erstling \u2013 eine Blaupause gibt es daf\u00fcr nicht, denn es handelt sich weder um eine Zeitung, die berichtet und bewertet, noch um ein Amtsblatt, das verk\u00fcndet.<\/p>\n<p>Wir wollen einladen zum Mitmachen, also geht es darum, \u00fcber Zuk\u00fcnftiges zu sprechen. Das ist gar nicht so ein-fach! Niemand plant, was die BVV im n\u00e4chsten Monat wohl besprechen wird. Das ergibt sich aus den Antr\u00e4gen an die BVV, die von den Fraktionen in der BVV geschrieben werden. Also muss es prim\u00e4r darum gehen, Schwerpunkte zu beschreiben, die in den Aussch\u00fcssen der BVV schon im Vorhinein f\u00fcr das gesamte Jahr beschlossen wurden. Wir werden aber nicht darum herum-kommen, auch in die Vergangenheit zu blicken. Wir werden an dieser Stelle immer wieder schildern, was aus den Beschl\u00fcssen der BVV geworden ist und wie wir unser Leben in Pankow dadurch gestaltet haben. Genau das war das Ziel des Beschlusses der 17. BVV-Tagung am 04.07.2018 mit der Drucksache VIII-0520. Ein Informationsblatt \u00fcber Bezirkspolitik in Pankow schaffen, so wie Sie es gerade lesen. Wir hoffen, Sie haben Spa\u00df dabei! Melden Sie sich, wenn Sie wollen, mit Anregungen, Kritik und eigene Ideen.<\/p>\n<p>Dr. Cordelia Koch<\/p>\n<p>Mitglied im Ausschuss Gleichstellung, Gender Mainstreaming, B\u00fcrgerbeteiligung<\/p>\n<p>&nbsp;<\/p>\n","protected":false},"excerpt":{"rendered":"<p>Die Pankow News gingen diesen Sommer mit ihrer ersten Ausgabe an den Start. Darin informiert das Bezirksamt \u00fcber Bauprojekte, Park- und Schulsanierungen, die Mobilit\u00e4tswende, \u00fcber Ausstellungen und stellt die Mitarbeiter*innen&#8230;  <a href=\"http:\/\/cordeliakoch.de\/index.php\/2020\/08\/30\/die-erste-ausgabe-des-pankower-amtsblatt-ist-da\/\" title=\"Read Viel besser als ein Amtsblatt: Die erste Ausgabe der Pankow News ist da&#8230;\" class=\"readmore\">Weiterlesen &raquo;<\/a><\/p>\n","protected":false},"author":4,"featured_media":620,"comment_status":"open","ping_status":"open","sticky":false,"template":"","format":"standard","meta":{"footnotes":""},"categories":[1,23],"tags":[],"class_list":["post-619","post","type-post","status-publish","format-standard","has-post-thumbnail","hentry","category-allgemein","category-burgerschaftliches-engagement"],"_links":{"self":[{"href":"http:\/\/cordeliakoch.de\/index.php\/wp-json\/wp\/v2\/posts\/619","targetHints":{"allow":["GET"]}}],"collection":[{"href":"http:\/\/cordeliakoch.de\/index.php\/wp-json\/wp\/v2\/posts"}],"about":[{"href":"http:\/\/cordeliakoch.de\/index.php\/wp-json\/wp\/v2\/types\/post"}],"author":[{"embeddable":true,"href":"http:\/\/cordeliakoch.de\/index.php\/wp-json\/wp\/v2\/users\/4"}],"replies":[{"embeddable":true,"href":"http:\/\/cordeliakoch.de\/index.php\/wp-json\/wp\/v2\/comments?post=619"}],"version-history":[{"count":8,"href":"http:\/\/cordeliakoch.de\/index.php\/wp-json\/wp\/v2\/posts\/619\/revisions"}],"predecessor-version":[{"id":628,"href":"http:\/\/cordeliakoch.de\/index.php\/wp-json\/wp\/v2\/posts\/619\/revisions\/628"}],"wp:featuredmedia":[{"embeddable":true,"href":"http:\/\/cordeliakoch.de\/index.php\/wp-json\/wp\/v2\/media\/620"}],"wp:attachment":[{"href":"http:\/\/cordeliakoch.de\/index.php\/wp-json\/wp\/v2\/media?parent=619"}],"wp:term":[{"taxonomy":"category","embeddable":true,"href":"http:\/\/cordeliakoch.de\/index.php\/wp-json\/wp\/v2\/categories?post=619"},{"taxonomy":"post_tag","embeddable":true,"href":"http:\/\/cordeliakoch.de\/index.php\/wp-json\/wp\/v2\/tags?post=619"}],"curies":[{"name":"wp","href":"https:\/\/api.w.org\/{rel}","templated":true}]}}