{"id":670,"date":"2021-08-03T12:09:57","date_gmt":"2021-08-03T10:09:57","guid":{"rendered":"http:\/\/cordeliakoch.de\/?p=670"},"modified":"2021-08-05T12:10:20","modified_gmt":"2021-08-05T10:10:20","slug":"grune-fordern-verlangerung-der-u2-und-starken-tram-und-taktausbau","status":"publish","type":"post","link":"http:\/\/cordeliakoch.de\/index.php\/2021\/08\/03\/grune-fordern-verlangerung-der-u2-und-starken-tram-und-taktausbau\/","title":{"rendered":"Tagesspiegel: Gr\u00fcne fordern Verl\u00e4ngerung der U2 und starken Tram- und Taktausbau"},"content":{"rendered":"<p>3.8.2021. \u201eWir m\u00fcssen das Pankower Zentrum von Durchgangsverkehr entlasten\u201c, sagte Cordelia Koch, gr\u00fcne Kandidatin f\u00fcr das Amt der Bezirksb\u00fcrgermeisterin in Pankow. Weil man f\u00fcr zus\u00e4tzliche Kapazit\u00e4ten auf der Schiene keine neue Tramverbindung durch den Schloss- oder B\u00fcrgerpark f\u00fchren wolle, sei der Plan mit der U-Bahn aufgekommen. \u201eIch bin weiterhin zur\u00fcckhaltend, was U-Bahnen betrifft\u201c, sagte Gelbhaar. Doch um ein wachsendes Niedersch\u00f6nhausen anzubinden, sei es die realistischste Option.<\/p>\n<p><a href=\"https:\/\/www.tagesspiegel.de\/berlin\/pankower-kreisverband-legt-verkehrskonzept-vor-gruene-fordern-verlaengerung-der-u2-und-starken-tram-und-taktausbau\/27478690.html\">Den ganzen Artikel lesen<\/a><\/p>\n<p>&nbsp;<\/p>\n","protected":false},"excerpt":{"rendered":"<p>3.8.2021. \u201eWir m\u00fcssen das Pankower Zentrum von Durchgangsverkehr entlasten\u201c, sagte Cordelia Koch, gr\u00fcne Kandidatin f\u00fcr das Amt der Bezirksb\u00fcrgermeisterin in Pankow. Weil man f\u00fcr zus\u00e4tzliche Kapazit\u00e4ten auf der Schiene keine&#8230;  <a href=\"http:\/\/cordeliakoch.de\/index.php\/2021\/08\/03\/grune-fordern-verlangerung-der-u2-und-starken-tram-und-taktausbau\/\" title=\"Read Tagesspiegel: Gr\u00fcne fordern Verl\u00e4ngerung der U2 und starken Tram- und Taktausbau\" class=\"readmore\">Weiterlesen &raquo;<\/a><\/p>\n","protected":false},"author":4,"featured_media":0,"comment_status":"open","ping_status":"open","sticky":false,"template":"","format":"standard","meta":{"footnotes":""},"categories":[1,28,48,6],"tags":[],"class_list":["post-670","post","type-post","status-publish","format-standard","hentry","category-allgemein","category-pankow-zentrum","category-presse","category-verkehrslage-in-pankow"],"_links":{"self":[{"href":"http:\/\/cordeliakoch.de\/index.php\/wp-json\/wp\/v2\/posts\/670","targetHints":{"allow":["GET"]}}],"collection":[{"href":"http:\/\/cordeliakoch.de\/index.php\/wp-json\/wp\/v2\/posts"}],"about":[{"href":"http:\/\/cordeliakoch.de\/index.php\/wp-json\/wp\/v2\/types\/post"}],"author":[{"embeddable":true,"href":"http:\/\/cordeliakoch.de\/index.php\/wp-json\/wp\/v2\/users\/4"}],"replies":[{"embeddable":true,"href":"http:\/\/cordeliakoch.de\/index.php\/wp-json\/wp\/v2\/comments?post=670"}],"version-history":[{"count":2,"href":"http:\/\/cordeliakoch.de\/index.php\/wp-json\/wp\/v2\/posts\/670\/revisions"}],"predecessor-version":[{"id":672,"href":"http:\/\/cordeliakoch.de\/index.php\/wp-json\/wp\/v2\/posts\/670\/revisions\/672"}],"wp:attachment":[{"href":"http:\/\/cordeliakoch.de\/index.php\/wp-json\/wp\/v2\/media?parent=670"}],"wp:term":[{"taxonomy":"category","embeddable":true,"href":"http:\/\/cordeliakoch.de\/index.php\/wp-json\/wp\/v2\/categories?post=670"},{"taxonomy":"post_tag","embeddable":true,"href":"http:\/\/cordeliakoch.de\/index.php\/wp-json\/wp\/v2\/tags?post=670"}],"curies":[{"name":"wp","href":"https:\/\/api.w.org\/{rel}","templated":true}]}}