{"id":677,"date":"2021-08-05T18:01:23","date_gmt":"2021-08-05T16:01:23","guid":{"rendered":"http:\/\/cordeliakoch.de\/?p=677"},"modified":"2021-08-11T10:58:24","modified_gmt":"2021-08-11T08:58:24","slug":"meet-a-koch-hoch-zwei-spitzenkandidatin-der-grunen-verkauft-kase","status":"publish","type":"post","link":"http:\/\/cordeliakoch.de\/index.php\/2021\/08\/05\/meet-a-koch-hoch-zwei-spitzenkandidatin-der-grunen-verkauft-kase\/","title":{"rendered":"\u201eMeet a Koch\u201d hoch zwei \u2013 Spitzenkandidatin der Gr\u00fcnen verkauft K\u00e4se"},"content":{"rendered":"<p>5.8.2021. Am kommenden Samstag, dem 07. August verkauft Cordelia Koch, die Spitzenkandidatin der B\u00fcndnisgr\u00fcnen Pankow, wortw\u00f6rtlich K\u00e4se und zwar am Markt auf dem Arnswalder Platz. Es ist der Auftakt der Reihe \u201cMeet a Koch\u201d, in der die Spitzenkandidatin f\u00fcr die kommende BVV-Wahl im September den B\u00fcrgerinnen und B\u00fcrgern in Pankow Rede und Antwort stehen will \u2013 diesmal \u201eMeet a Koch am Marktstand\u201c. \u201eAuf dem Markt kommt man gerne und leicht ins Quatschen,\u201c wei\u00df die Tochter von Einzelh\u00e4ndlern. \u201eAu\u00dferdem macht mir das Verkaufen Spa\u00df,\u201c erl\u00e4utert Koch. \u201eIch bin quasi hinter der Ladentheke gro\u00df geworden.\u201c<\/p>\n<p><!--more-->Ab 13.30 Uhr ist sie am K\u00e4sestand \u201cBei Kochs\u201d anzutreffen. Dort wird sie \u00fcber Ern\u00e4hrung, Qualit\u00e4t sowie den Bezirk sprechen und kr\u00e4ftig anpacken. Der gleiche Name Koch ist Zufall \u2013 die gemeinsame Zusammenarbeit nicht. Tierwohl, artgerechte Haltung, Nachhaltigkeit und Regionalit\u00e4t werden hier gro\u00dfgeschrieben. Daf\u00fcr setzt sich auch Cordelia Koch gemeinsam mit den B\u00fcndnisgr\u00fcnen ein: \u201cWir m\u00f6chten die nachhaltige Produktion von Lebensmitteln und das Bewusstsein daf\u00fcr im Bezirk st\u00e4rken. Gleichzeitig muss eine gesunde und nachhaltige Ern\u00e4hrung f\u00fcr alle Menschen erschwinglich sein. Dazu freue ich mich umso mehr am kommenden Samstag mit den Besuchern des Marktes ins Gespr\u00e4ch zu kommen.\u201d<\/p>\n<p>Kochs K\u00e4sestand fungiert auf dem Markt als Direktvermarkter kleinerer Produzenten von K\u00e4se, Wurst, Wein und Eiern und setzt hierbei auf regionale Qualit\u00e4tsprodukte. \u201cMir ist es sehr wichtig, dass die Produkte, die hier verkauft werden, aus artgerechten Betrieben stammen. Beispielsweise beziehe ich Mozzarella von einem Hof in Brandenburg, auf dem die K\u00e4lber nicht wie \u00fcblich in der Mozzarella-Produktion auf dem B\u00fcffel-K\u00e4lber-Friedhof landen, sondern auf den Weiden bleiben d\u00fcrfen\u201d erl\u00e4utert Frank Koch.<\/p>\n<p>Nach dem Markttag im B\u00f6tzowkiez wird Cordelia Koch in Wilhelmsruh Gem\u00fcse verkaufen. Weitere Termine werden hier angek\u00fcndigt.<\/p>\n","protected":false},"excerpt":{"rendered":"<p>5.8.2021. Am kommenden Samstag, dem 07. August verkauft Cordelia Koch, die Spitzenkandidatin der B\u00fcndnisgr\u00fcnen Pankow, wortw\u00f6rtlich K\u00e4se und zwar am Markt auf dem Arnswalder Platz. Es ist der Auftakt der&#8230;  <a href=\"http:\/\/cordeliakoch.de\/index.php\/2021\/08\/05\/meet-a-koch-hoch-zwei-spitzenkandidatin-der-grunen-verkauft-kase\/\" title=\"Read \u201eMeet a Koch\u201d hoch zwei \u2013 Spitzenkandidatin der Gr\u00fcnen verkauft K\u00e4se\" class=\"readmore\">Weiterlesen &raquo;<\/a><\/p>\n","protected":false},"author":4,"featured_media":690,"comment_status":"open","ping_status":"open","sticky":false,"template":"","format":"standard","meta":{"footnotes":""},"categories":[34,3],"tags":[],"class_list":["post-677","post","type-post","status-publish","format-standard","has-post-thumbnail","hentry","category-fair-trade","category-meet-a-koch"],"_links":{"self":[{"href":"http:\/\/cordeliakoch.de\/index.php\/wp-json\/wp\/v2\/posts\/677","targetHints":{"allow":["GET"]}}],"collection":[{"href":"http:\/\/cordeliakoch.de\/index.php\/wp-json\/wp\/v2\/posts"}],"about":[{"href":"http:\/\/cordeliakoch.de\/index.php\/wp-json\/wp\/v2\/types\/post"}],"author":[{"embeddable":true,"href":"http:\/\/cordeliakoch.de\/index.php\/wp-json\/wp\/v2\/users\/4"}],"replies":[{"embeddable":true,"href":"http:\/\/cordeliakoch.de\/index.php\/wp-json\/wp\/v2\/comments?post=677"}],"version-history":[{"count":4,"href":"http:\/\/cordeliakoch.de\/index.php\/wp-json\/wp\/v2\/posts\/677\/revisions"}],"predecessor-version":[{"id":682,"href":"http:\/\/cordeliakoch.de\/index.php\/wp-json\/wp\/v2\/posts\/677\/revisions\/682"}],"wp:featuredmedia":[{"embeddable":true,"href":"http:\/\/cordeliakoch.de\/index.php\/wp-json\/wp\/v2\/media\/690"}],"wp:attachment":[{"href":"http:\/\/cordeliakoch.de\/index.php\/wp-json\/wp\/v2\/media?parent=677"}],"wp:term":[{"taxonomy":"category","embeddable":true,"href":"http:\/\/cordeliakoch.de\/index.php\/wp-json\/wp\/v2\/categories?post=677"},{"taxonomy":"post_tag","embeddable":true,"href":"http:\/\/cordeliakoch.de\/index.php\/wp-json\/wp\/v2\/tags?post=677"}],"curies":[{"name":"wp","href":"https:\/\/api.w.org\/{rel}","templated":true}]}}